{"id":1530,"date":"2026-04-20T13:11:11","date_gmt":"2026-04-20T11:11:11","guid":{"rendered":"https:\/\/vrtic-martinskaves.hr\/?p=1530"},"modified":"2026-04-20T13:48:17","modified_gmt":"2026-04-20T11:48:17","slug":"ususret-danu-planete-zemlje","status":"publish","type":"post","link":"https:\/\/vrtic-martinskaves.hr\/index.php\/2026\/04\/20\/ususret-danu-planete-zemlje\/","title":{"rendered":"Ususret Danu planete Zemlje"},"content":{"rendered":"<p>Dan planete Zemlje obilje\u017eava se svake godine 22.travnja. To je poseban dan kada u\u010dimo kako \u010duvati na\u0161 planet.<br \/>\nDjeca pred\u0161kole Martinska Ves nau\u010dila su da je ona na\u0161 dom, da nam je \u010disti planet va\u017ean zbog zraka kojega di\u0161emo, vode koju pijemo i tla na kojemu rastu posa\u0111ene biljke.<\/p>\n<p>Dan planete Zemlje podsje\u0107a nas da svi trebamo \u010duvati na\u0161 planet i ako svatko u\u010dini mali korak za na\u0161 planet, mo\u017eemo napraviti veliku promjenu.<br \/>\nInterakcijskim razgovorima, uz edukativne knjige i slikovnice, djeca su napravila raznolike likovne radove, te osmislili vlastite Eko poruke.<br \/>\nBravo jo\u0161 jednom za trud i vrijedne ru\u010dice djece pred\u0161kole Martinska Ves!<\/p>\n<p><em>Tekst pripremila: odgojiteljica Ivana Marinac<\/em><\/p>\n<p><img loading=\"lazy\" decoding=\"async\" class=\"alignnone size-full wp-image-1536\" src=\"https:\/\/vrtic-martinskaves.hr\/wp-content\/uploads\/2026\/04\/1e37a0cd-6bf8-4964-9f79-65701a7e44ad.jpeg\" alt=\"\" width=\"1800\" height=\"1285\" srcset=\"https:\/\/vrtic-martinskaves.hr\/wp-content\/uploads\/2026\/04\/1e37a0cd-6bf8-4964-9f79-65701a7e44ad.jpeg 1800w, https:\/\/vrtic-martinskaves.hr\/wp-content\/uploads\/2026\/04\/1e37a0cd-6bf8-4964-9f79-65701a7e44ad-300x214.jpeg 300w, https:\/\/vrtic-martinskaves.hr\/wp-content\/uploads\/2026\/04\/1e37a0cd-6bf8-4964-9f79-65701a7e44ad-1024x731.jpeg 1024w, https:\/\/vrtic-martinskaves.hr\/wp-content\/uploads\/2026\/04\/1e37a0cd-6bf8-4964-9f79-65701a7e44ad-768x548.jpeg 768w, https:\/\/vrtic-martinskaves.hr\/wp-content\/uploads\/2026\/04\/1e37a0cd-6bf8-4964-9f79-65701a7e44ad-1536x1097.jpeg 1536w, https:\/\/vrtic-martinskaves.hr\/wp-content\/uploads\/2026\/04\/1e37a0cd-6bf8-4964-9f79-65701a7e44ad-150x107.jpeg 150w, https:\/\/vrtic-martinskaves.hr\/wp-content\/uploads\/2026\/04\/1e37a0cd-6bf8-4964-9f79-65701a7e44ad-696x497.jpeg 696w, https:\/\/vrtic-martinskaves.hr\/wp-content\/uploads\/2026\/04\/1e37a0cd-6bf8-4964-9f79-65701a7e44ad-1068x762.jpeg 1068w\" sizes=\"auto, (max-width: 1800px) 100vw, 1800px\" \/> <img loading=\"lazy\" decoding=\"async\" class=\"alignnone size-full wp-image-1534\" src=\"https:\/\/vrtic-martinskaves.hr\/wp-content\/uploads\/2026\/04\/72ce0a34-fe2b-46c1-beb0-652290a6fa9d.jpeg\" alt=\"\" width=\"1200\" height=\"1600\" srcset=\"https:\/\/vrtic-martinskaves.hr\/wp-content\/uploads\/2026\/04\/72ce0a34-fe2b-46c1-beb0-652290a6fa9d.jpeg 1200w, https:\/\/vrtic-martinskaves.hr\/wp-content\/uploads\/2026\/04\/72ce0a34-fe2b-46c1-beb0-652290a6fa9d-225x300.jpeg 225w, https:\/\/vrtic-martinskaves.hr\/wp-content\/uploads\/2026\/04\/72ce0a34-fe2b-46c1-beb0-652290a6fa9d-768x1024.jpeg 768w, https:\/\/vrtic-martinskaves.hr\/wp-content\/uploads\/2026\/04\/72ce0a34-fe2b-46c1-beb0-652290a6fa9d-1152x1536.jpeg 1152w, https:\/\/vrtic-martinskaves.hr\/wp-content\/uploads\/2026\/04\/72ce0a34-fe2b-46c1-beb0-652290a6fa9d-150x200.jpeg 150w, https:\/\/vrtic-martinskaves.hr\/wp-content\/uploads\/2026\/04\/72ce0a34-fe2b-46c1-beb0-652290a6fa9d-300x400.jpeg 300w, https:\/\/vrtic-martinskaves.hr\/wp-content\/uploads\/2026\/04\/72ce0a34-fe2b-46c1-beb0-652290a6fa9d-696x928.jpeg 696w, https:\/\/vrtic-martinskaves.hr\/wp-content\/uploads\/2026\/04\/72ce0a34-fe2b-46c1-beb0-652290a6fa9d-1068x1424.jpeg 1068w\" sizes=\"auto, (max-width: 1200px) 100vw, 1200px\" \/><\/p>\n","protected":false},"excerpt":{"rendered":"<p>Dan planete Zemlje obilje\u017eava se svake godine 22.travnja. To je poseban dan kada u\u010dimo kako \u010duvati na\u0161 planet. Djeca pred\u0161kole Martinska Ves nau\u010dila su da je ona na\u0161 dom, da nam je \u010disti planet va\u017ean zbog zraka kojega di\u0161emo, vode koju pijemo i tla na kojemu rastu posa\u0111ene biljke. Dan planete Zemlje podsje\u0107a nas da [&hellip;]<\/p>\n","protected":false},"author":1,"featured_media":1534,"comment_status":"open","ping_status":"open","sticky":false,"template":"","format":"standard","meta":{"footnotes":""},"categories":[27,19],"tags":[],"class_list":{"0":"post-1530","1":"post","2":"type-post","3":"status-publish","4":"format-standard","5":"has-post-thumbnail","7":"category-program-predskole","8":"category-vrticke-vijesti"},"_links":{"self":[{"href":"https:\/\/vrtic-martinskaves.hr\/index.php\/wp-json\/wp\/v2\/posts\/1530","targetHints":{"allow":["GET"]}}],"collection":[{"href":"https:\/\/vrtic-martinskaves.hr\/index.php\/wp-json\/wp\/v2\/posts"}],"about":[{"href":"https:\/\/vrtic-martinskaves.hr\/index.php\/wp-json\/wp\/v2\/types\/post"}],"author":[{"embeddable":true,"href":"https:\/\/vrtic-martinskaves.hr\/index.php\/wp-json\/wp\/v2\/users\/1"}],"replies":[{"embeddable":true,"href":"https:\/\/vrtic-martinskaves.hr\/index.php\/wp-json\/wp\/v2\/comments?post=1530"}],"version-history":[{"count":5,"href":"https:\/\/vrtic-martinskaves.hr\/index.php\/wp-json\/wp\/v2\/posts\/1530\/revisions"}],"predecessor-version":[{"id":1541,"href":"https:\/\/vrtic-martinskaves.hr\/index.php\/wp-json\/wp\/v2\/posts\/1530\/revisions\/1541"}],"wp:featuredmedia":[{"embeddable":true,"href":"https:\/\/vrtic-martinskaves.hr\/index.php\/wp-json\/wp\/v2\/media\/1534"}],"wp:attachment":[{"href":"https:\/\/vrtic-martinskaves.hr\/index.php\/wp-json\/wp\/v2\/media?parent=1530"}],"wp:term":[{"taxonomy":"category","embeddable":true,"href":"https:\/\/vrtic-martinskaves.hr\/index.php\/wp-json\/wp\/v2\/categories?post=1530"},{"taxonomy":"post_tag","embeddable":true,"href":"https:\/\/vrtic-martinskaves.hr\/index.php\/wp-json\/wp\/v2\/tags?post=1530"}],"curies":[{"name":"wp","href":"https:\/\/api.w.org\/{rel}","templated":true}]}}